{"id":1336,"date":"2021-07-19T19:42:52","date_gmt":"2021-07-19T16:42:52","guid":{"rendered":"https:\/\/palliative.lv\/478-2\/"},"modified":"2021-11-30T09:44:50","modified_gmt":"2021-11-30T07:44:50","slug":"ministriju-pasvaldibu-limeni-spriez-par-ieceri-uzbuvet-bernu-paliativas-aprupes-centru","status":"publish","type":"post","link":"https:\/\/palliative.lv\/en\/ministriju-pasvaldibu-limeni-spriez-par-ieceri-uzbuvet-bernu-paliativas-aprupes-centru\/","title":{"rendered":"At the ministry and municipal level, the idea of building a palliative care center for children has being discussed"},"content":{"rendered":"<p>On 16 July 2021, the Children\u2019s Palliative Care Society and its partners (Di\u017evanagi association and Valmoniras farm) met Latvia\u2019s Minister of Welfare Gatis Egl\u012btis, Parliamentary Secretary for the Ministry of Welfare Evita Z\u0101l\u012bte-Grosa, Parliamentary Secretary for the Ministry of Health Ilm\u0101rs D\u016br\u012btis, head of the Treatment Quality Division of the Ministry of Health Sanita Janka, head of the Social and Work Commission of the Parliament Andris Skridis, health and social consultant for the Latvian Association of Local and Regional Governments Ilze Rudz\u012bte, chairman of the \u0136ekava Municipal Council Juris \u017dilko, his first deputy Agnese Gedu\u0161eva, and second deputy Valts Variks, and head of the \u0136ekava Social Service Agnese Mence-Katkevi\u010da, to jointly discuss how to work together and implement the idea of the \u2018Sap\u0146u tilti\u2019 children\u2019s palliative care centre that could become the first facility of its kind in the Baltics.<\/p>\n<p><img loading=\"lazy\" decoding=\"async\" class=\"alignnone size-full wp-image-995\" src=\"https:\/\/palliative.lv\/wp-content\/uploads\/2021\/11\/20210716_150041-1.jpg\" alt=\"\" width=\"1920\" height=\"1080\" srcset=\"https:\/\/palliative.lv\/wp-content\/uploads\/2021\/11\/20210716_150041-1.jpg 1920w, https:\/\/palliative.lv\/wp-content\/uploads\/2021\/11\/20210716_150041-1-300x169.jpg 300w, https:\/\/palliative.lv\/wp-content\/uploads\/2021\/11\/20210716_150041-1-1024x576.jpg 1024w, https:\/\/palliative.lv\/wp-content\/uploads\/2021\/11\/20210716_150041-1-768x432.jpg 768w, https:\/\/palliative.lv\/wp-content\/uploads\/2021\/11\/20210716_150041-1-1500x844.jpg 1500w\" sizes=\"(max-width: 1920px) 100vw, 1920px\" \/><\/p>\n<p>For more than 20 years, the Children\u2019s Palliative Care Society has been providing assistance to seriously ill children and members of their families. Currently, the society supports 350 families with seriously ill children, and the number of such families grows every year. The service is available to families 24 hours a day, 7 days a week, 365 days a year: 24-hour assistance hotline (with consultations by a doctor, nurse, chaplain, social worker, therapist), out-patient consultations and home visits, organising support groups for the parents and siblings of ill children. This means that these children can live at home, instead of hospitals and care facilities.<\/p>\n<p>Over the last 2.5 years, the children&#8217;s palliative care team carried out 12,938 home visits and consultations at the children&#8217;s palliative care service, provided 12,181 consultations by phone and 2592 online.<\/p>\n<p>Everyday work in such close contact with the families crystallises their really urgent and important needs, and the necessity to work as a team and to grow.<\/p>\n<p>\u2018The main purpose of creating the \u2018Sap\u0146u tilti\u2019 children&#8217;s palliative care centre is to improve the quality of life of seriously ill children, to give their families breathing space, and to provide dignified end-of-life care to the children and their families, as well as a way to create memories. Caring for a seriously ill child requires its parents to provide attention 24 hours a day. Children are often brought up by one parent who, thus, have difficulty entering the job market and participating in social life, with a high risk of burn-out.\u00a0Parents supported by the Children\u2019s Palliative Care Society say that the events that the society organises are often the only times during the year that they can leave their home and devote some time to themselves. Finding someone with the right skills to look after such children is also difficult, because they has special needs: not everyone can replace a gastrostoma or manage a tracheostoma, or provide care to a child that is lying down or cannot speak.\u00a0Also, in families with children that have special needs, the needs of healthy family members often become a last priority. There are 133 of children&#8217;s palliative care centres in Europe, known as hospices globally, and none exists in the Baltics. We sincerely hope that together, we can create the first one here, in Latvia,\u2019 Anda Jansone, the pioneer of children&#8217;s palliative care in Latvia, said.<\/p>\n<p>The children&#8217;s palliative care centre is to provide:<\/p>\n<ul>\n<li>day-care facility services;<\/li>\n<li>families with opportunities to take a break;<\/li>\n<li>rehabilitation to maintain the functional state;<\/li>\n<li>care during the child\u2019s last days in an environment that approximates their home as much as possible;<\/li>\n<li>support groups for parents and siblings, including during the mourning period after the child\u2019s death;<\/li>\n<li>an education centre for specialists in various fields.<\/li>\n<\/ul>\n<p>Multiple rounds of discussions involving the Children\u2019s Palliative Care Society and the specialists of the Ministries of Welfare and Health took place on 15 July 2021, as part of the conference \u2018Tilti, kas vieno\u2019 (\u2018Bridges that Unite Us\u2019)* tiltivieno.lv, devoted to raising the questions of children\u2019s palliative care, and all of the parties involved proposed that they meet to agree on the best solution for managing and improving children\u2019s palliative care services in the future. On 16 July the society organised the meeting at the location that is to be the site of the future \u2018Sap\u0146u tilti\u2019 multifunctional children\u2019s palliative care centre, providing support and care for families with seriously ill children that are in a severe functional condition or have a limited life-span.<\/p>\n<p>The following matters were discussed during the meeting:<\/p>\n<ul>\n<li>Cross-institutional cooperation in children\u2019s palliative care as an integrated holistic care system whose infrastructure and services require development and funding (Ministry of Welfare, Ministry of Health, local governments, non-governmental organisations, private sector).<\/li>\n<li>Creation of a network of support centres for families with seriously ill children: what is each institution\u2019s vision of the need for one?<\/li>\n<li>\u2018Sap\u0146u tilti\u2019 as a joint project by different institutions intended to improve the assistance provided to the families and to develop the services that are missing: how can each of the institutions support this?<\/li>\n<li>Agreements on specific objectives and milestones in organising and improving children\u2019s palliative care services.<\/li>\n<\/ul>\n<p><img loading=\"lazy\" decoding=\"async\" class=\"alignnone size-full wp-image-997\" src=\"https:\/\/palliative.lv\/wp-content\/uploads\/2021\/11\/20210716_132306.jpg\" alt=\"\" width=\"1920\" height=\"1080\" srcset=\"https:\/\/palliative.lv\/wp-content\/uploads\/2021\/11\/20210716_132306.jpg 1920w, https:\/\/palliative.lv\/wp-content\/uploads\/2021\/11\/20210716_132306-300x169.jpg 300w, https:\/\/palliative.lv\/wp-content\/uploads\/2021\/11\/20210716_132306-1024x576.jpg 1024w, https:\/\/palliative.lv\/wp-content\/uploads\/2021\/11\/20210716_132306-768x432.jpg 768w, https:\/\/palliative.lv\/wp-content\/uploads\/2021\/11\/20210716_132306-1500x844.jpg 1500w\" sizes=\"(max-width: 1920px) 100vw, 1920px\" \/><\/p>\n<p>During the meeting, all its participants acknowledged the need for continuing the work on the plan to create palliative care centres, the growing relevance of the topic of palliative care, and the need for a uniform system of assistance that involves the national and local governments, non-governmental organisations, parents and the general public.\u00a0 There are plans to soon organise work groups for developing a coordinated short and long-term strategy for children\u2019s palliative care, and to develop the idea of creating the \u2018Sap\u0146u tilti\u2019 children\u2019s palliative care centre.<\/p>\n<p>The Children\u2019s Palliative Care Society will hold its second \u2018Tilti, kas vieno\u2019* conference on 12 October 2021, to report on the progress of these affairs, and to urge the parties involved to joint the process.<\/p>\n<p>* The event is financially supported by the Social Integration Fund, using funding allocated by the Latvian government. The Children\u2019s Palliative Care Society is in charge of the content of the conference.<\/p>\n","protected":false},"excerpt":{"rendered":"<p>On 16 July 2021, the Children\u2019s Palliative Care Society and its partners (Di\u017evanagi association and Valmoniras farm) met Latvia\u2019s Minister of Welfare Gatis Egl\u012btis, Parliamentary Secretary for the Ministry of Welfare Evita Z\u0101l\u012bte-Grosa, Parliamentary Secretary for the Ministry of Health Ilm\u0101rs D\u016br\u012btis, head of the Treatment Quality Division of the Ministry of Health Sanita Janka,&#8230;<\/p>\n","protected":false},"author":2,"featured_media":995,"comment_status":"closed","ping_status":"closed","sticky":false,"template":"","format":"standard","meta":{"_acf_changed":false,"footnotes":""},"categories":[9],"tags":[],"acf":[],"yoast_head":"<!-- This site is optimized with the Yoast SEO plugin v21.8 - https:\/\/yoast.com\/wordpress\/plugins\/seo\/ -->\n<title>At the ministry and municipal level, the idea of building a palliative care center for children has being discussed | palliative.lv<\/title>\n<meta name=\"robots\" content=\"index, follow, max-snippet:-1, max-image-preview:large, max-video-preview:-1\" \/>\n<link rel=\"canonical\" href=\"https:\/\/palliative.lv\/en\/ministriju-pasvaldibu-limeni-spriez-par-ieceri-uzbuvet-bernu-paliativas-aprupes-centru\/\" \/>\n<meta property=\"og:locale\" content=\"en_US\" \/>\n<meta property=\"og:type\" content=\"article\" \/>\n<meta property=\"og:title\" content=\"At the ministry and municipal level, the idea of building a palliative care center for children has being discussed | palliative.lv\" \/>\n<meta property=\"og:description\" content=\"On 16 July 2021, the Children\u2019s Palliative Care Society and its partners (Di\u017evanagi association and Valmoniras farm) met Latvia\u2019s Minister of Welfare Gatis Egl\u012btis, Parliamentary Secretary for the Ministry of Welfare Evita Z\u0101l\u012bte-Grosa, Parliamentary Secretary for the Ministry of Health Ilm\u0101rs D\u016br\u012btis, head of the Treatment Quality Division of the Ministry of Health Sanita Janka,...\" \/>\n<meta property=\"og:url\" content=\"https:\/\/palliative.lv\/en\/ministriju-pasvaldibu-limeni-spriez-par-ieceri-uzbuvet-bernu-paliativas-aprupes-centru\/\" \/>\n<meta property=\"og:site_name\" content=\"palliative.lv\" \/>\n<meta property=\"article:published_time\" content=\"2021-07-19T16:42:52+00:00\" \/>\n<meta property=\"article:modified_time\" content=\"2021-11-30T07:44:50+00:00\" \/>\n<meta property=\"og:image\" content=\"https:\/\/palliative.lv\/wp-content\/uploads\/2021\/11\/20210716_150041-1.jpg\" \/>\n\t<meta property=\"og:image:width\" content=\"1920\" \/>\n\t<meta property=\"og:image:height\" content=\"1080\" \/>\n\t<meta property=\"og:image:type\" content=\"image\/jpeg\" \/>\n<meta name=\"author\" content=\"linda\" \/>\n<meta name=\"twitter:card\" content=\"summary_large_image\" \/>\n<meta name=\"twitter:label1\" content=\"Written by\" \/>\n\t<meta name=\"twitter:data1\" content=\"linda\" \/>\n\t<meta name=\"twitter:label2\" content=\"Est. reading time\" \/>\n\t<meta name=\"twitter:data2\" content=\"5 minutes\" \/>\n<script type=\"application\/ld+json\" class=\"yoast-schema-graph\">{\"@context\":\"https:\/\/schema.org\",\"@graph\":[{\"@type\":\"WebPage\",\"@id\":\"https:\/\/palliative.lv\/en\/ministriju-pasvaldibu-limeni-spriez-par-ieceri-uzbuvet-bernu-paliativas-aprupes-centru\/\",\"url\":\"https:\/\/palliative.lv\/en\/ministriju-pasvaldibu-limeni-spriez-par-ieceri-uzbuvet-bernu-paliativas-aprupes-centru\/\",\"name\":\"At the ministry and municipal level, the idea of building a palliative care center for children has being discussed | palliative.lv\",\"isPartOf\":{\"@id\":\"https:\/\/palliative.lv\/en\/#website\"},\"datePublished\":\"2021-07-19T16:42:52+00:00\",\"dateModified\":\"2021-11-30T07:44:50+00:00\",\"author\":{\"@id\":\"https:\/\/palliative.lv\/en\/#\/schema\/person\/c8612ee2a4d49e5b1894fa96e7b58426\"},\"breadcrumb\":{\"@id\":\"https:\/\/palliative.lv\/en\/ministriju-pasvaldibu-limeni-spriez-par-ieceri-uzbuvet-bernu-paliativas-aprupes-centru\/#breadcrumb\"},\"inLanguage\":\"en-US\",\"potentialAction\":[{\"@type\":\"ReadAction\",\"target\":[\"https:\/\/palliative.lv\/en\/ministriju-pasvaldibu-limeni-spriez-par-ieceri-uzbuvet-bernu-paliativas-aprupes-centru\/\"]}]},{\"@type\":\"BreadcrumbList\",\"@id\":\"https:\/\/palliative.lv\/en\/ministriju-pasvaldibu-limeni-spriez-par-ieceri-uzbuvet-bernu-paliativas-aprupes-centru\/#breadcrumb\",\"itemListElement\":[{\"@type\":\"ListItem\",\"position\":1,\"name\":\"Home\",\"item\":\"https:\/\/palliative.lv\/en\/\"},{\"@type\":\"ListItem\",\"position\":2,\"name\":\"At the ministry and municipal level, the idea of building a palliative care center for children has being discussed\"}]},{\"@type\":\"WebSite\",\"@id\":\"https:\/\/palliative.lv\/en\/#website\",\"url\":\"https:\/\/palliative.lv\/en\/\",\"name\":\"palliative.lv\",\"description\":\"\",\"potentialAction\":[{\"@type\":\"SearchAction\",\"target\":{\"@type\":\"EntryPoint\",\"urlTemplate\":\"https:\/\/palliative.lv\/en\/?s={search_term_string}\"},\"query-input\":\"required name=search_term_string\"}],\"inLanguage\":\"en-US\"},{\"@type\":\"Person\",\"@id\":\"https:\/\/palliative.lv\/en\/#\/schema\/person\/c8612ee2a4d49e5b1894fa96e7b58426\",\"name\":\"linda\",\"image\":{\"@type\":\"ImageObject\",\"inLanguage\":\"en-US\",\"@id\":\"https:\/\/palliative.lv\/en\/#\/schema\/person\/image\/\",\"url\":\"https:\/\/secure.gravatar.com\/avatar\/f76f3aba76a2a8fff8ff6be30a47a0ed?s=96&d=mm&r=g\",\"contentUrl\":\"https:\/\/secure.gravatar.com\/avatar\/f76f3aba76a2a8fff8ff6be30a47a0ed?s=96&d=mm&r=g\",\"caption\":\"linda\"}}]}<\/script>\n<!-- \/ Yoast SEO plugin. -->","yoast_head_json":{"title":"At the ministry and municipal level, the idea of building a palliative care center for children has being discussed | palliative.lv","robots":{"index":"index","follow":"follow","max-snippet":"max-snippet:-1","max-image-preview":"max-image-preview:large","max-video-preview":"max-video-preview:-1"},"canonical":"https:\/\/palliative.lv\/en\/ministriju-pasvaldibu-limeni-spriez-par-ieceri-uzbuvet-bernu-paliativas-aprupes-centru\/","og_locale":"en_US","og_type":"article","og_title":"At the ministry and municipal level, the idea of building a palliative care center for children has being discussed | palliative.lv","og_description":"On 16 July 2021, the Children\u2019s Palliative Care Society and its partners (Di\u017evanagi association and Valmoniras farm) met Latvia\u2019s Minister of Welfare Gatis Egl\u012btis, Parliamentary Secretary for the Ministry of Welfare Evita Z\u0101l\u012bte-Grosa, Parliamentary Secretary for the Ministry of Health Ilm\u0101rs D\u016br\u012btis, head of the Treatment Quality Division of the Ministry of Health Sanita Janka,...","og_url":"https:\/\/palliative.lv\/en\/ministriju-pasvaldibu-limeni-spriez-par-ieceri-uzbuvet-bernu-paliativas-aprupes-centru\/","og_site_name":"palliative.lv","article_published_time":"2021-07-19T16:42:52+00:00","article_modified_time":"2021-11-30T07:44:50+00:00","og_image":[{"width":1920,"height":1080,"url":"https:\/\/palliative.lv\/wp-content\/uploads\/2021\/11\/20210716_150041-1.jpg","type":"image\/jpeg"}],"author":"linda","twitter_card":"summary_large_image","twitter_misc":{"Written by":"linda","Est. reading time":"5 minutes"},"schema":{"@context":"https:\/\/schema.org","@graph":[{"@type":"WebPage","@id":"https:\/\/palliative.lv\/en\/ministriju-pasvaldibu-limeni-spriez-par-ieceri-uzbuvet-bernu-paliativas-aprupes-centru\/","url":"https:\/\/palliative.lv\/en\/ministriju-pasvaldibu-limeni-spriez-par-ieceri-uzbuvet-bernu-paliativas-aprupes-centru\/","name":"At the ministry and municipal level, the idea of building a palliative care center for children has being discussed | palliative.lv","isPartOf":{"@id":"https:\/\/palliative.lv\/en\/#website"},"datePublished":"2021-07-19T16:42:52+00:00","dateModified":"2021-11-30T07:44:50+00:00","author":{"@id":"https:\/\/palliative.lv\/en\/#\/schema\/person\/c8612ee2a4d49e5b1894fa96e7b58426"},"breadcrumb":{"@id":"https:\/\/palliative.lv\/en\/ministriju-pasvaldibu-limeni-spriez-par-ieceri-uzbuvet-bernu-paliativas-aprupes-centru\/#breadcrumb"},"inLanguage":"en-US","potentialAction":[{"@type":"ReadAction","target":["https:\/\/palliative.lv\/en\/ministriju-pasvaldibu-limeni-spriez-par-ieceri-uzbuvet-bernu-paliativas-aprupes-centru\/"]}]},{"@type":"BreadcrumbList","@id":"https:\/\/palliative.lv\/en\/ministriju-pasvaldibu-limeni-spriez-par-ieceri-uzbuvet-bernu-paliativas-aprupes-centru\/#breadcrumb","itemListElement":[{"@type":"ListItem","position":1,"name":"Home","item":"https:\/\/palliative.lv\/en\/"},{"@type":"ListItem","position":2,"name":"At the ministry and municipal level, the idea of building a palliative care center for children has being discussed"}]},{"@type":"WebSite","@id":"https:\/\/palliative.lv\/en\/#website","url":"https:\/\/palliative.lv\/en\/","name":"palliative.lv","description":"","potentialAction":[{"@type":"SearchAction","target":{"@type":"EntryPoint","urlTemplate":"https:\/\/palliative.lv\/en\/?s={search_term_string}"},"query-input":"required name=search_term_string"}],"inLanguage":"en-US"},{"@type":"Person","@id":"https:\/\/palliative.lv\/en\/#\/schema\/person\/c8612ee2a4d49e5b1894fa96e7b58426","name":"linda","image":{"@type":"ImageObject","inLanguage":"en-US","@id":"https:\/\/palliative.lv\/en\/#\/schema\/person\/image\/","url":"https:\/\/secure.gravatar.com\/avatar\/f76f3aba76a2a8fff8ff6be30a47a0ed?s=96&d=mm&r=g","contentUrl":"https:\/\/secure.gravatar.com\/avatar\/f76f3aba76a2a8fff8ff6be30a47a0ed?s=96&d=mm&r=g","caption":"linda"}}]}},"_links":{"self":[{"href":"https:\/\/palliative.lv\/en\/wp-json\/wp\/v2\/posts\/1336"}],"collection":[{"href":"https:\/\/palliative.lv\/en\/wp-json\/wp\/v2\/posts"}],"about":[{"href":"https:\/\/palliative.lv\/en\/wp-json\/wp\/v2\/types\/post"}],"author":[{"embeddable":true,"href":"https:\/\/palliative.lv\/en\/wp-json\/wp\/v2\/users\/2"}],"replies":[{"embeddable":true,"href":"https:\/\/palliative.lv\/en\/wp-json\/wp\/v2\/comments?post=1336"}],"version-history":[{"count":0,"href":"https:\/\/palliative.lv\/en\/wp-json\/wp\/v2\/posts\/1336\/revisions"}],"wp:featuredmedia":[{"embeddable":true,"href":"https:\/\/palliative.lv\/en\/wp-json\/wp\/v2\/media\/995"}],"wp:attachment":[{"href":"https:\/\/palliative.lv\/en\/wp-json\/wp\/v2\/media?parent=1336"}],"wp:term":[{"taxonomy":"category","embeddable":true,"href":"https:\/\/palliative.lv\/en\/wp-json\/wp\/v2\/categories?post=1336"},{"taxonomy":"post_tag","embeddable":true,"href":"https:\/\/palliative.lv\/en\/wp-json\/wp\/v2\/tags?post=1336"}],"curies":[{"name":"wp","href":"https:\/\/api.w.org\/{rel}","templated":true}]}}